{"id":1049,"date":"2021-10-08T10:38:57","date_gmt":"2021-10-08T10:38:57","guid":{"rendered":"http:\/\/vela-vrata.hr\/?p=1049"},"modified":"2023-12-08T09:16:27","modified_gmt":"2023-12-08T09:16:27","slug":"radionice-za-pripremu-projekta-za-prijavu-na-flag-natjecaj-mjera-1-1-a","status":"publish","type":"post","link":"https:\/\/studioeditori.com\/FlagVelaVrata\/radionice-za-pripremu-projekta-za-prijavu-na-flag-natjecaj-mjera-1-1-a\/","title":{"rendered":"Radionice za pripremu projekta za prijavu na FLAG natje\u010daj Mjera 1.1.A"},"content":{"rendered":"<p>LAGUR Vela vrata u sklopu edukacija i informiranja javnosti o provedbi Lokalne razvojne strategije u ribarstvu 2014.-2020., organizira besplatne radionice pripreme projekata za prijavu na FLAG natje\u010daj za&nbsp;<strong>Mjeru 1.1.A<\/strong>&nbsp;&#8220;<strong>Podr\u0161ka razvoju i osuvremenjivanju male ribarske infrastrukture i unapre\u0111enje uvjeta poslovanja&#8221;<\/strong><em><strong>&nbsp;<\/strong>usmjerena registriranim prvokupcima \u2013 ugostiteljima, prera\u0111iva\u010dima i trgovcima&nbsp;<\/em><\/p>\n<p>Radionice \u0107e se odr\u017eati prema sljede\u0107em rasporedu:<\/p>\n<ul>\n<li><strong>MALI LO\u0160INJ<\/strong>\u2013 Srijeda, 13.10.2021. u 10:30 sati,&nbsp;prostor Kluba pomoraca u Malom Lo\u0161inju, Bo\u0107ac 2, 51550 Mali Lo\u0161inj<\/li>\n<li><strong>MO\u0160\u0106ENI\u010cKA DRAGA<\/strong>\u2013 \u010cetvrtak, 14.10.2021. u 10:30, zgrada javne namjene, Barba Rike 5a, 51417 Mo\u0161\u0107eni\u010dka Draga<\/li>\n<li><strong>CRES <\/strong>\u2013 Individualne radionice za zainteresirane na podru\u010dju Grada Cresa uz prethodnu najavu<\/li>\n<\/ul>\n<p>Vidimo se!<\/p>\n<p>Zbog bolje organizacije, molimo Vas da Va\u0161e sudjelovanje na radionici za izabrani termin i mjesto potvrdite na e-mail: <strong>ured.velavrata@gmail.com&nbsp;<\/strong>ili na telefon&nbsp;<strong>091\/ 732 3356 (Eliana Zec Solina)<\/strong><\/p>\n","protected":false},"excerpt":{"rendered":"<p>LAGUR Vela vrata u sklopu edukacija i informiranja javnosti o provedbi Lokalne razvojne strategije u ribarstvu 2014.-2020., organizira besplatne radionice pripreme projekata za prijavu na FLAG natje\u010daj za&nbsp;Mjeru 1.1.A&nbsp;&#8220;Podr\u0161ka razvoju i osuvremenjivanju male ribarske infrastrukture i unapre\u0111enje uvjeta poslovanja&#8221;&nbsp;usmjerena registriranim prvokupcima \u2013 ugostiteljima, prera\u0111iva\u010dima i trgovcima&nbsp; Radionice \u0107e se odr\u017eati prema sljede\u0107em rasporedu: MALI LO\u0160INJ\u2013 [&hellip;]<\/p>\n","protected":false},"author":1,"featured_media":1460,"comment_status":"closed","ping_status":"closed","sticky":false,"template":"","format":"standard","meta":{"footnotes":""},"categories":[7],"tags":[],"class_list":["post-1049","post","type-post","status-publish","format-standard","has-post-thumbnail","hentry","category-novosti"],"_links":{"self":[{"href":"https:\/\/studioeditori.com\/FlagVelaVrata\/wp-json\/wp\/v2\/posts\/1049","targetHints":{"allow":["GET"]}}],"collection":[{"href":"https:\/\/studioeditori.com\/FlagVelaVrata\/wp-json\/wp\/v2\/posts"}],"about":[{"href":"https:\/\/studioeditori.com\/FlagVelaVrata\/wp-json\/wp\/v2\/types\/post"}],"author":[{"embeddable":true,"href":"https:\/\/studioeditori.com\/FlagVelaVrata\/wp-json\/wp\/v2\/users\/1"}],"replies":[{"embeddable":true,"href":"https:\/\/studioeditori.com\/FlagVelaVrata\/wp-json\/wp\/v2\/comments?post=1049"}],"version-history":[{"count":1,"href":"https:\/\/studioeditori.com\/FlagVelaVrata\/wp-json\/wp\/v2\/posts\/1049\/revisions"}],"predecessor-version":[{"id":1461,"href":"https:\/\/studioeditori.com\/FlagVelaVrata\/wp-json\/wp\/v2\/posts\/1049\/revisions\/1461"}],"wp:featuredmedia":[{"embeddable":true,"href":"https:\/\/studioeditori.com\/FlagVelaVrata\/wp-json\/wp\/v2\/media\/1460"}],"wp:attachment":[{"href":"https:\/\/studioeditori.com\/FlagVelaVrata\/wp-json\/wp\/v2\/media?parent=1049"}],"wp:term":[{"taxonomy":"category","embeddable":true,"href":"https:\/\/studioeditori.com\/FlagVelaVrata\/wp-json\/wp\/v2\/categories?post=1049"},{"taxonomy":"post_tag","embeddable":true,"href":"https:\/\/studioeditori.com\/FlagVelaVrata\/wp-json\/wp\/v2\/tags?post=1049"}],"curies":[{"name":"wp","href":"https:\/\/api.w.org\/{rel}","templated":true}]}}