{"id":1054,"date":"2021-10-11T11:14:39","date_gmt":"2021-10-11T11:14:39","guid":{"rendered":"http:\/\/vela-vrata.hr\/?p=1054"},"modified":"2023-12-08T09:14:01","modified_gmt":"2023-12-08T09:14:01","slug":"projekt-adri-smartfish","status":"publish","type":"post","link":"https:\/\/studioeditori.com\/FlagVelaVrata\/projekt-adri-smartfish\/","title":{"rendered":"Projekt Adri.SmArtFish"},"content":{"rendered":"<p><strong>Na podru\u010dju Valunskog zaljeva postavljen umjetni riblji greben<\/strong><\/p>\n<p><strong>&nbsp;<\/strong>Nakon \u0161to je Zadarska \u017eupanija postavila prvi umjetni riblji greben, tijekom pro\u0161log vikenda umjetni greben se postavio i na podru\u010dju Primorsko-goranske \u017eupanije, <strong>na otoku Cresu<\/strong>, u uvali Sveti Petar u blizini Valuna. Planirani zahvat se provodi u okviru Programa suradnje Interreg V-A Italy \u2013Croatia 2014. \u2013 2020. \u201cSmArtFish\u201d kojeg provodi Upravni odjel za turizam, poduzetni\u0161tvo i ruralni razvoj Primorsko-goranske \u017eupanije, jedan od ukupno deset partnera.&nbsp;<\/p>\n<p>Umjetni podvodni greben osmi\u0161ljen je radi <strong>o\u010duvanja podmorskog \u017eivota<\/strong> te s ciljem \u0161irenja aktivnosti vezanih za podmorje kao korak za o\u010duvanje sve vi\u0161e ugro\u017eenih resursa ribe, \u0161koljka\u0161a i ostalih morskih organizama, te ujedno predstavlja i mogu\u0107nost \u0161irenja gospodarskih aktivnosti kroz mogu\u0107e prepoznatljive oblike gospodarenja u ribolovu i turizmu.<\/p>\n<p>Greben se sastoji od niza od osam elemenata koji su se izradili na kopnu i zatim su se u skupini polo\u017eili na morsko dno. Moduli su perforirani betonski elementi, oblika krnje <a href=\"http:\/\/vela-vrata.hr\/wordpress\/wp-content\/uploads\/2021\/10\/IMG-b95ccba904fe25711807d3dd4eb8b24f-V.jpg\"><img decoding=\"async\" class=\"size-thumbnail wp-image-1055 alignleft\" src=\"http:\/\/vela-vrata.hr\/wordpress\/wp-content\/uploads\/2021\/10\/IMG-b95ccba904fe25711807d3dd4eb8b24f-V-150x150.jpg\" alt=\"\" width=\"150\" height=\"150\"><\/a>\u0161uplje i perforirane piramide. Ronila\u010dka ekipa tvrtke AQUA SUB d.o.o. je prema idejnom projektu izradila betonske elemente, izvr\u0161ila monta\u017eu istih te ih spustila u more gdje su potopljeni i me\u0111usobno slo\u017eeni.<\/p>\n<p>Ovom pilot projektu prethodili su razni poslovi: pronalazak lokacije, izrada idejnog projekta, isho\u0111enje lokacijske dozvole te nabava konstrukcije za izradu grebena. Sav taj uistinu zahtjevan, prije&nbsp;svega&nbsp;administrativni postupak, trajao je vi\u0161e od godinu dana.<\/p>\n<p><strong>Valja napomenuti kako \u0107e se nakon postavljanja grebena provoditi monitoring od strane stru\u010dnjaka za podvodne znanosti.<\/strong> Pratit \u0107e se \u0161to \u0107e se doga\u0111ati, koji <a href=\"http:\/\/vela-vrata.hr\/wordpress\/wp-content\/uploads\/2021\/10\/IMG-cfb65d6bc3d0da617316ed5a8773ce13-V.jpg\"><img decoding=\"async\" class=\" wp-image-1056 alignleft\" src=\"http:\/\/vela-vrata.hr\/wordpress\/wp-content\/uploads\/2021\/10\/IMG-cfb65d6bc3d0da617316ed5a8773ce13-V-150x150.jpg\" alt=\"\" width=\"110\" height=\"110\"><\/a>organizmi i koje vrste ribe \u0107e nastanjivati greben, \u010dime \u0107e se do\u0107i do odgovora na pitanja o pojavi nekih novih vrsta, te koji organizmi \u0107e se skupljati na dnu grebena gdje je ve\u0107a dubina, a koji na njegovom vrhu.<\/p>\n<p>&nbsp;<\/p>\n<p>Izvor: PG\u017d<\/p>\n","protected":false},"excerpt":{"rendered":"<p>Na podru\u010dju Valunskog zaljeva postavljen umjetni riblji greben &nbsp;Nakon \u0161to je Zadarska \u017eupanija postavila prvi umjetni riblji greben, tijekom pro\u0161log vikenda umjetni greben se postavio i na podru\u010dju Primorsko-goranske \u017eupanije, na otoku Cresu, u uvali Sveti Petar u blizini Valuna. Planirani zahvat se provodi u okviru Programa suradnje Interreg V-A Italy \u2013Croatia 2014. \u2013 2020. [&hellip;]<\/p>\n","protected":false},"author":1,"featured_media":1457,"comment_status":"closed","ping_status":"closed","sticky":false,"template":"","format":"standard","meta":{"footnotes":""},"categories":[7],"tags":[54],"class_list":["post-1054","post","type-post","status-publish","format-standard","has-post-thumbnail","hentry","category-novosti","tag-greben"],"_links":{"self":[{"href":"https:\/\/studioeditori.com\/FlagVelaVrata\/wp-json\/wp\/v2\/posts\/1054","targetHints":{"allow":["GET"]}}],"collection":[{"href":"https:\/\/studioeditori.com\/FlagVelaVrata\/wp-json\/wp\/v2\/posts"}],"about":[{"href":"https:\/\/studioeditori.com\/FlagVelaVrata\/wp-json\/wp\/v2\/types\/post"}],"author":[{"embeddable":true,"href":"https:\/\/studioeditori.com\/FlagVelaVrata\/wp-json\/wp\/v2\/users\/1"}],"replies":[{"embeddable":true,"href":"https:\/\/studioeditori.com\/FlagVelaVrata\/wp-json\/wp\/v2\/comments?post=1054"}],"version-history":[{"count":1,"href":"https:\/\/studioeditori.com\/FlagVelaVrata\/wp-json\/wp\/v2\/posts\/1054\/revisions"}],"predecessor-version":[{"id":1458,"href":"https:\/\/studioeditori.com\/FlagVelaVrata\/wp-json\/wp\/v2\/posts\/1054\/revisions\/1458"}],"wp:featuredmedia":[{"embeddable":true,"href":"https:\/\/studioeditori.com\/FlagVelaVrata\/wp-json\/wp\/v2\/media\/1457"}],"wp:attachment":[{"href":"https:\/\/studioeditori.com\/FlagVelaVrata\/wp-json\/wp\/v2\/media?parent=1054"}],"wp:term":[{"taxonomy":"category","embeddable":true,"href":"https:\/\/studioeditori.com\/FlagVelaVrata\/wp-json\/wp\/v2\/categories?post=1054"},{"taxonomy":"post_tag","embeddable":true,"href":"https:\/\/studioeditori.com\/FlagVelaVrata\/wp-json\/wp\/v2\/tags?post=1054"}],"curies":[{"name":"wp","href":"https:\/\/api.w.org\/{rel}","templated":true}]}}