{"id":218,"date":"2017-06-29T21:19:56","date_gmt":"2017-06-29T21:19:56","guid":{"rendered":"http:\/\/vela-vrata.hr\/?p=218"},"modified":"2017-06-29T21:19:56","modified_gmt":"2017-06-29T21:19:56","slug":"odrzana-radionica-u-moscenickoj-dragi-13-06-2017","status":"publish","type":"post","link":"https:\/\/studioeditori.com\/FlagVelaVrata\/odrzana-radionica-u-moscenickoj-dragi-13-06-2017\/","title":{"rendered":"Odr\u017eana radionica u Mo\u0161\u0107eni\u010dkoj Dragi, 13.06.2017."},"content":{"rendered":"<p>Posljednja radionica za izradu Lokalne razvojne strategije odr\u017eana je u Mo\u0161\u0107eni\u010dkoj dragi, u Zgradi javne namjene. Rije\u010dka razvojna agencija PORIN d.o.o. je predstavila dosada\u0161nji proces izrade strategije, te je povedena rasprava o strate\u0161kim ciljevima, mjerama i aktivnostima, te financijskim aspektima strategije.<\/p>\n<p><img fetchpriority=\"high\" decoding=\"async\" src=\"http:\/\/vela-vrata.hr\/wordpress\/wp-content\/uploads\/2017\/06\/Poziv-na-radionicu-MD-13.06.2017..jpeg\" alt=\"\" width=\"2550\" height=\"3300\" class=\"alignnone size-full wp-image-219\" \/><\/p>\n","protected":false},"excerpt":{"rendered":"<p>Posljednja radionica za izradu Lokalne razvojne strategije odr\u017eana je u Mo\u0161\u0107eni\u010dkoj dragi, u Zgradi javne namjene. Rije\u010dka razvojna agencija PORIN d.o.o. je predstavila dosada\u0161nji proces izrade strategije, te je povedena rasprava o strate\u0161kim ciljevima, mjerama i aktivnostima, te financijskim aspektima strategije.<\/p>\n","protected":false},"author":1,"featured_media":135,"comment_status":"closed","ping_status":"closed","sticky":false,"template":"","format":"standard","meta":{"footnotes":""},"categories":[7],"tags":[8,9,10,11,12],"class_list":["post-218","post","type-post","status-publish","format-standard","has-post-thumbnail","hentry","category-novosti","tag-flag","tag-lag-terra-liburna","tag-lagur","tag-rijecka-razvojna-agencija-porin","tag-vela-vrata"],"_links":{"self":[{"href":"https:\/\/studioeditori.com\/FlagVelaVrata\/wp-json\/wp\/v2\/posts\/218","targetHints":{"allow":["GET"]}}],"collection":[{"href":"https:\/\/studioeditori.com\/FlagVelaVrata\/wp-json\/wp\/v2\/posts"}],"about":[{"href":"https:\/\/studioeditori.com\/FlagVelaVrata\/wp-json\/wp\/v2\/types\/post"}],"author":[{"embeddable":true,"href":"https:\/\/studioeditori.com\/FlagVelaVrata\/wp-json\/wp\/v2\/users\/1"}],"replies":[{"embeddable":true,"href":"https:\/\/studioeditori.com\/FlagVelaVrata\/wp-json\/wp\/v2\/comments?post=218"}],"version-history":[{"count":0,"href":"https:\/\/studioeditori.com\/FlagVelaVrata\/wp-json\/wp\/v2\/posts\/218\/revisions"}],"wp:featuredmedia":[{"embeddable":true,"href":"https:\/\/studioeditori.com\/FlagVelaVrata\/wp-json\/"}],"wp:attachment":[{"href":"https:\/\/studioeditori.com\/FlagVelaVrata\/wp-json\/wp\/v2\/media?parent=218"}],"wp:term":[{"taxonomy":"category","embeddable":true,"href":"https:\/\/studioeditori.com\/FlagVelaVrata\/wp-json\/wp\/v2\/categories?post=218"},{"taxonomy":"post_tag","embeddable":true,"href":"https:\/\/studioeditori.com\/FlagVelaVrata\/wp-json\/wp\/v2\/tags?post=218"}],"curies":[{"name":"wp","href":"https:\/\/api.w.org\/{rel}","templated":true}]}}