{"id":255,"date":"2018-03-14T21:16:16","date_gmt":"2018-03-14T21:16:16","guid":{"rendered":"http:\/\/vela-vrata.hr\/?p=255"},"modified":"2018-03-14T21:16:16","modified_gmt":"2018-03-14T21:16:16","slug":"potpisan-sporazum-o-suradnji-centra-za-poljoprivredu-i-ruralni-razvoj-pgz-s-lag-ovima-i-lagur-ima","status":"publish","type":"post","link":"https:\/\/studioeditori.com\/FlagVelaVrata\/potpisan-sporazum-o-suradnji-centra-za-poljoprivredu-i-ruralni-razvoj-pgz-s-lag-ovima-i-lagur-ima\/","title":{"rendered":"Potpisan Sporazum o suradnji Centra za poljoprivredu i ruralni razvoj PG\u017d s LAG-ovima i LAGUR-ima"},"content":{"rendered":"<p>U prostoru Ka\u0161etice primorsko-goranske potpisan je Sporazum o suradnji izme\u0111u Lokalnih akcijskih grupa &#8211; &#8220;Vinodol&#8221;, &#8220;Gorski kotar&#8221;, &#8220;Terra Liburna&#8221; i &#8220;Kvarnerski otoci&#8221;, Lokalnih akcijskih grupa u ribarstvu &#8211; &#8220;Vela vrata&#8221; i &#8220;Tunera&#8221; te Centra za poljoprivredu i ruralni razvoj PG\u017d. Sporazumom je dogovorena me\u0111usobna suradnju na provedbi LEADER pristupa i CLLD metodologije u informiranju i organiziranju zajedni\u010dkih aktivnosti i edukacija, dok \u0107e Centar za brdsko-planinsku poljoprivredu PG\u017d pru\u017eati podr\u0161ku kroz svoje programe rada.<\/p>\n<p><img fetchpriority=\"high\" decoding=\"async\" class=\"size-full wp-image-256 aligncenter\" src=\"http:\/\/vela-vrata.hr\/wordpress\/wp-content\/uploads\/2018\/03\/29177123_1700497200009330_1041169341782949888_o.jpg\" alt=\"\" width=\"2048\" height=\"1536\"><\/p>\n<p>Zamjenik \u017eupana Petar Mamula rekao je kako se sporazumom jam\u010di nastavak suradnje izme\u0111u \u017dupanije, Centra te LAG-ova i LAGUR-a \u010dime je organizacijama osiguran dolazak u zavr\u0161nu fazu prije raspisivanja natje\u010daja i podjele projekata. Mamula je ocijenio kako se ovakav rad akcijskih grupa pokazao dobrim, te da su primjerom iz PG\u017d povele i druge regije i \u017eupanije, te je dodao da \u0107e se puna svrha pokazati i prilikom raspisivanja natje\u010daja temeljem usvojenih Lokalnih razvojnih strategija za podru\u010dja pojedinog LAGA.<\/p>\n<p>Prva mjera koju LAG-ovi raspisuju odnosi se na potporu malim poljoprivrednim gospodarstvima s iznosima od 15.000 Eura, za koju su LAG-ovi &#8220;Vinodol&#8221;, &#8220;Kvarnerski otoci&#8221; i &#8220;Terra Liburna&#8221; predvidjeli sveukupno 135.000 eura a &#8220;Gorski kotar&#8221; 150.000 eura, a potom slijede i ostali natje\u010daji temeljem usvojenih strategija za podru\u010dja pojedinog LAG-a.<\/p>\n<p>Ravnatelj Centra za poljoprivredu i ruralni razvoj Dalibor \u0160o\u0161tari\u0107 istaknuo je kako je od 2013. do 2015. godine akcijskim grupama ispla\u0107eno 774.000 kuna, \u010dime je omogu\u0107en i njihov rad obzirom da nisu imali drugih izvora sredstava. \u0160o\u0161tari\u0107 je naveo kako se i nakon 2016. godine, kad je Centar kao ustanova direktno potpao pod \u017eupanijski prora\u010dun, te se vi\u0161e nije moglo direktno ispla\u0107ivati sredstva pomo\u0107i, suradnja nastavila edukacijama i prezentacijama rada akcijskih grupa.<\/p>\n<p>Predsjednica LAG &#8220;Terra liburna&#8221; An\u0111ela Cvjetkovi\u0107 najavila je kako \u0107e krajem mjeseca sva \u010detiri LAG-a iz PG\u017d otvoriti svoje natje\u010daje kojima \u0107e podijeliti svoja sredstva prema napravljenim procedurama koje uklju\u010duju i osiguravanje od sukoba interesa i neprisnosti. Cvjetkovi\u0107 je izjavila kako o\u010dekuje da \u0107e prvi korisnici do ljeta putem agencije za pla\u0107anje sklapati ugovore i koji \u0107e tako do\u0107i do svojih sredstava.<\/p>\n<p>Voditeljica LAGUR &#8220;Tunera&#8221; Silvana Manestar podsjetila je da je kod kod LAGUR-a naglasak na gospodarskom sektoru ribarstva. Manestar je tako\u0111er navela da LAGUR &#8220;Tunera&#8221; ima odobrena sredstva u iznosu 16.6 milijuna kuna, dok je LAGUR &#8220;Vela Vrata&#8221; u postupku odobravanja, odnosno ima privremenu odluku, te da bi i oni uskoro trebali dobiti kona\u010dnu odluku na isti iznos.<\/p>\n<p>Prilikom potpisivanja Sporazuma najavljeno je kako \u0107e se informacije o natje\u010dajima mo\u0107i dobiti direktno od LAG-ova te da \u0107e se u cijeloj \u017eupaniji odr\u017eavati i informativne radionice u suradnji s Centrom za poljoprivredu i ruralni razvoj.<\/p>\n<p>Izvor: www.pgz.hr<\/p>\n","protected":false},"excerpt":{"rendered":"<p>U prostoru Ka\u0161etice primorsko-goranske potpisan je Sporazum o suradnji izme\u0111u Lokalnih akcijskih grupa &#8211; &#8220;Vinodol&#8221;, &#8220;Gorski kotar&#8221;, &#8220;Terra Liburna&#8221; i &#8220;Kvarnerski otoci&#8221;, Lokalnih akcijskih grupa u ribarstvu &#8211; &#8220;Vela vrata&#8221; i &#8220;Tunera&#8221; te Centra za poljoprivredu i ruralni razvoj PG\u017d. Sporazumom je dogovorena me\u0111usobna suradnju na provedbi LEADER pristupa i CLLD metodologije u informiranju i [&hellip;]<\/p>\n","protected":false},"author":1,"featured_media":256,"comment_status":"closed","ping_status":"closed","sticky":false,"template":"","format":"standard","meta":{"footnotes":""},"categories":[7],"tags":[19,20,8,21,22,23,9,10,24,25,26,27,12,28],"class_list":["post-255","post","type-post","status-publish","format-standard","has-post-thumbnail","hentry","category-novosti","tag-centar-za-poljoprivredu-i-ruralni-razvoj","tag-cprr","tag-flag","tag-gorski-kotar","tag-kvarnerski-otoci","tag-lag","tag-lag-terra-liburna","tag-lagur","tag-pgz","tag-primorsko-goranska-zupanija","tag-sporazum","tag-tunera","tag-vela-vrata","tag-vinodol"],"_links":{"self":[{"href":"https:\/\/studioeditori.com\/FlagVelaVrata\/wp-json\/wp\/v2\/posts\/255","targetHints":{"allow":["GET"]}}],"collection":[{"href":"https:\/\/studioeditori.com\/FlagVelaVrata\/wp-json\/wp\/v2\/posts"}],"about":[{"href":"https:\/\/studioeditori.com\/FlagVelaVrata\/wp-json\/wp\/v2\/types\/post"}],"author":[{"embeddable":true,"href":"https:\/\/studioeditori.com\/FlagVelaVrata\/wp-json\/wp\/v2\/users\/1"}],"replies":[{"embeddable":true,"href":"https:\/\/studioeditori.com\/FlagVelaVrata\/wp-json\/wp\/v2\/comments?post=255"}],"version-history":[{"count":0,"href":"https:\/\/studioeditori.com\/FlagVelaVrata\/wp-json\/wp\/v2\/posts\/255\/revisions"}],"wp:featuredmedia":[{"embeddable":true,"href":"https:\/\/studioeditori.com\/FlagVelaVrata\/wp-json\/"}],"wp:attachment":[{"href":"https:\/\/studioeditori.com\/FlagVelaVrata\/wp-json\/wp\/v2\/media?parent=255"}],"wp:term":[{"taxonomy":"category","embeddable":true,"href":"https:\/\/studioeditori.com\/FlagVelaVrata\/wp-json\/wp\/v2\/categories?post=255"},{"taxonomy":"post_tag","embeddable":true,"href":"https:\/\/studioeditori.com\/FlagVelaVrata\/wp-json\/wp\/v2\/tags?post=255"}],"curies":[{"name":"wp","href":"https:\/\/api.w.org\/{rel}","templated":true}]}}