{"id":274,"date":"2018-07-05T12:13:28","date_gmt":"2018-07-05T12:13:28","guid":{"rendered":"http:\/\/vela-vrata.hr\/?p=274"},"modified":"2018-07-05T12:13:28","modified_gmt":"2018-07-05T12:13:28","slug":"nastavak-dobre-suradnje-sa-laglagur-ima-iz-furlanije-slovenske-istre-istre-kvarnera-i-gorskog-kotara-marezige-15-6-2018","status":"publish","type":"post","link":"https:\/\/studioeditori.com\/FlagVelaVrata\/nastavak-dobre-suradnje-sa-laglagur-ima-iz-furlanije-slovenske-istre-istre-kvarnera-i-gorskog-kotara-marezige-15-6-2018\/","title":{"rendered":"Nastavak dobre suradnje sa LAG\/LAGUR-ima iz Furlanije, Slovenske Istre, Istre, Kvarnera i Gorskog kotara (Marezige 15.6.2018)"},"content":{"rendered":"<p>&nbsp;<\/p>\n<p><a href=\"http:\/\/www.terra-liburna.hr\/wordpress\/wp-content\/uploads\/2018\/06\/1.jpg\"><img fetchpriority=\"high\" decoding=\"async\" class=\"alignnone size-large wp-image-1509\" src=\"http:\/\/www.terra-liburna.hr\/wordpress\/wp-content\/uploads\/2018\/06\/1-1024x768.jpg\" alt=\"\" width=\"640\" height=\"480\"><\/a><\/p>\n<p>Temeljem Sporazuma o suradnji Lokalnih akcijskih grupa potpisanog 15.12.2015. izme\u0111u lokalnih akcijskih grupa Primorsko-goranske \u017eupanije, Istre, Slovenskog primorja i Furlanije, predstavnici LAG-ova i LAGUR-ova, sastali su se u Marezigama pored Kopra, kako bi pro\u0161irili suradnju na nedavno osnovane lokalne akcijske grupe u ribarstvu na podru\u010dju Istre i Kvarnera te raspravili o trenuta\u010dnoj situaciji u kojoj se nalazi svaka lokalna inicijativa i koje su mogu\u0107nosti me\u0111ulagovske suradnje.<\/p>\n<p>Nakon uvodne rije\u010di trenutnog koordinatora Koordinacije iz LAS Istre, gospodina Andreja Medveda, sastanku su se predstavili pojedina\u010dno predstavnici LAG\/LAS\/GAL\/GAC\/LAGUR&nbsp; me\u0111u kojima i predsjednica An\u0111ela Cvjetkovi\u0107 u ime LAG-a \u201eTerra liburna\u201c.<\/p>\n<p>Cvjetkovi\u0107 je prisutnima izlagala generalne podatke o LAG-u \u201eTerra liburna\u201c (broj stanovnika, podru\u010dje, financijska alokacija iz LRS-a za provedbu projekata, dosad ostvarene suradnje i projekti) te o problemima u kojima se nalaze i svi ostali LAG\/LAGUR-ovi iz koordinacije:<\/p>\n<ul>\n<li>zakonodavna i financijska nesigurnost radi stalnih promjena pravilnika iz Mjere 19 i &nbsp;ostalih mjera iz Programa ruralnog razvoja RH 2014-2020;<\/li>\n<li>neprepoznavanja LEADER principa od strane dr\u017eave i njenih tijela i pote\u0161ko\u0107a da prigrli decentralizaciju;<\/li>\n<li>problema sa predfinanciranjem rada i projekata LAG-a radi toga \u0161to su prisiljeni da djeluju kao udruge, \u0161to je problem za bilo kakvog kreditiranja.<\/li>\n<\/ul>\n<p>Nakon sveukupnog izlaganja hrvatskih LAG\/LAGUR-ova svi su se predstavnici s hrvatske strane slo\u017eili da imaju iste probleme u normalnom funkcioniranju, u planiranju LAG tipova operacije iz LRS te u planiranju projekata suradnje iz podmjere 19.3.<\/p>\n<p>Predstavnici GAL Carso, GAC FVG i LAS Istre su priop\u0107ili hrvatskim predstavnicima kako koordinacija slu\u017ei isto tako da se ne tra\u017ee partneri za suradnju po Europi ve\u0107 da dotacije mjera za suradnju ostanu na podru\u010dju Furlanije, Slovenskog primorja, Istre i Kvarnera. \u010clanovima koordinacije je prepu\u0161ten zadatak da se jave za mjesto koordinatora za 2018. godinu.<\/p>\n<p><a href=\"http:\/\/www.terra-liburna.hr\/wordpress\/wp-content\/uploads\/2018\/06\/2.jpg\"><img decoding=\"async\" class=\"alignnone size-large wp-image-1510\" src=\"http:\/\/www.terra-liburna.hr\/wordpress\/wp-content\/uploads\/2018\/06\/2-1024x576.jpg\" alt=\"\" width=\"640\" height=\"360\"><\/a> <a href=\"http:\/\/www.terra-liburna.hr\/wordpress\/wp-content\/uploads\/2018\/06\/3.jpg\"><img decoding=\"async\" class=\"alignnone size-large wp-image-1511\" src=\"http:\/\/www.terra-liburna.hr\/wordpress\/wp-content\/uploads\/2018\/06\/3-1024x576.jpg\" alt=\"\" width=\"640\" height=\"360\"><\/a><\/p>\n<p>Po zavr\u0161etku okruglog stola potpisan je Anex ugovora kojim su LAGUR Vela vrata, LAGUR Tunera, LAGUR Pinna Nobilis i LAGUR Istarska batana postali dio koordinacije.<\/p>\n<p>Koordinacija sad broji 18 \u010dlanova, a cilj joj je zajedni\u010dka suradnja i djelovanje za potrebe ruralnog razvoja na obuhva\u0107enom podru\u010dju tri dr\u017eave: Republici Italiji, Republici Sloveniji i Republici Hrvatskoj.<\/p>\n<p>Nakon potpisivanja Sporazuma doma\u0107ini su prezentirali primjere dobre prakse na svom podru\u010dju.<\/p>\n","protected":false},"excerpt":{"rendered":"<p>&nbsp; Temeljem Sporazuma o suradnji Lokalnih akcijskih grupa potpisanog 15.12.2015. izme\u0111u lokalnih akcijskih grupa Primorsko-goranske \u017eupanije, Istre, Slovenskog primorja i Furlanije, predstavnici LAG-ova i LAGUR-ova, sastali su se u Marezigama pored Kopra, kako bi pro\u0161irili suradnju na nedavno osnovane lokalne akcijske grupe u ribarstvu na podru\u010dju Istre i Kvarnera te raspravili o trenuta\u010dnoj situaciji u [&hellip;]<\/p>\n","protected":false},"author":1,"featured_media":276,"comment_status":"closed","ping_status":"closed","sticky":false,"template":"","format":"standard","meta":{"footnotes":""},"categories":[7],"tags":[14,31,32],"class_list":["post-274","post","type-post","status-publish","format-standard","has-post-thumbnail","hentry","category-novosti","tag-lagur-vela-vrata","tag-marezige","tag-sporazum-o-suradnji"],"_links":{"self":[{"href":"https:\/\/studioeditori.com\/FlagVelaVrata\/wp-json\/wp\/v2\/posts\/274","targetHints":{"allow":["GET"]}}],"collection":[{"href":"https:\/\/studioeditori.com\/FlagVelaVrata\/wp-json\/wp\/v2\/posts"}],"about":[{"href":"https:\/\/studioeditori.com\/FlagVelaVrata\/wp-json\/wp\/v2\/types\/post"}],"author":[{"embeddable":true,"href":"https:\/\/studioeditori.com\/FlagVelaVrata\/wp-json\/wp\/v2\/users\/1"}],"replies":[{"embeddable":true,"href":"https:\/\/studioeditori.com\/FlagVelaVrata\/wp-json\/wp\/v2\/comments?post=274"}],"version-history":[{"count":0,"href":"https:\/\/studioeditori.com\/FlagVelaVrata\/wp-json\/wp\/v2\/posts\/274\/revisions"}],"wp:featuredmedia":[{"embeddable":true,"href":"https:\/\/studioeditori.com\/FlagVelaVrata\/wp-json\/"}],"wp:attachment":[{"href":"https:\/\/studioeditori.com\/FlagVelaVrata\/wp-json\/wp\/v2\/media?parent=274"}],"wp:term":[{"taxonomy":"category","embeddable":true,"href":"https:\/\/studioeditori.com\/FlagVelaVrata\/wp-json\/wp\/v2\/categories?post=274"},{"taxonomy":"post_tag","embeddable":true,"href":"https:\/\/studioeditori.com\/FlagVelaVrata\/wp-json\/wp\/v2\/tags?post=274"}],"curies":[{"name":"wp","href":"https:\/\/api.w.org\/{rel}","templated":true}]}}