{"id":277,"date":"2018-07-05T12:25:41","date_gmt":"2018-07-05T12:25:41","guid":{"rendered":"http:\/\/vela-vrata.hr\/?p=277"},"modified":"2018-07-05T12:25:41","modified_gmt":"2018-07-05T12:25:41","slug":"jakovcic-krecemo-u-zastitu-kvarnerskog-skampa-ali-i-drugih-morskih-organizama-u-jadranu","status":"publish","type":"post","link":"https:\/\/studioeditori.com\/FlagVelaVrata\/jakovcic-krecemo-u-zastitu-kvarnerskog-skampa-ali-i-drugih-morskih-organizama-u-jadranu\/","title":{"rendered":"Jakov\u010di\u0107: Kre\u0107emo u za\u0161titu kvarnerskog \u0161kampa, ali i drugih morskih organizama u Jadranu!"},"content":{"rendered":"<p>&nbsp;<\/p>\n<p>Danas je na Krku odr\u017eana konferencija na temu &#8220;Za\u0161tita kvarnerskog \u0161kampa&#8221;. U konstruktivnoj raspravi za za\u0161titu autenti\u010dnih morskih organizama sudjelovao je na\u0161 predsjednik Donald Bla\u0161kovi\u0107. Vi\u0161e o odr\u017eanoj konferenciji mo\u017eete pro\u010ditati u sljede\u0107em <strong><a href=\"https:\/\/www.glasistre.hr\/hrvatska\/jakovcic-krecemo-u-zastitu-kvarnerskog-skampa-ali-i-drugih-morskih-organizama-u-jadranu-565362\">\u010dlanku<\/a><\/strong>.<\/p>\n","protected":false},"excerpt":{"rendered":"<p>&nbsp; Danas je na Krku odr\u017eana konferencija na temu &#8220;Za\u0161tita kvarnerskog \u0161kampa&#8221;. U konstruktivnoj raspravi za za\u0161titu autenti\u010dnih morskih organizama sudjelovao je na\u0161 predsjednik Donald Bla\u0161kovi\u0107. Vi\u0161e o odr\u017eanoj konferenciji mo\u017eete pro\u010ditati u sljede\u0107em \u010dlanku.<\/p>\n","protected":false},"author":1,"featured_media":279,"comment_status":"closed","ping_status":"closed","sticky":false,"template":"","format":"standard","meta":{"footnotes":""},"categories":[7],"tags":[33,34,23,10],"class_list":["post-277","post","type-post","status-publish","format-standard","has-post-thumbnail","hentry","category-novosti","tag-jakovcic","tag-kvarnerski-skamp","tag-lag","tag-lagur"],"_links":{"self":[{"href":"https:\/\/studioeditori.com\/FlagVelaVrata\/wp-json\/wp\/v2\/posts\/277","targetHints":{"allow":["GET"]}}],"collection":[{"href":"https:\/\/studioeditori.com\/FlagVelaVrata\/wp-json\/wp\/v2\/posts"}],"about":[{"href":"https:\/\/studioeditori.com\/FlagVelaVrata\/wp-json\/wp\/v2\/types\/post"}],"author":[{"embeddable":true,"href":"https:\/\/studioeditori.com\/FlagVelaVrata\/wp-json\/wp\/v2\/users\/1"}],"replies":[{"embeddable":true,"href":"https:\/\/studioeditori.com\/FlagVelaVrata\/wp-json\/wp\/v2\/comments?post=277"}],"version-history":[{"count":0,"href":"https:\/\/studioeditori.com\/FlagVelaVrata\/wp-json\/wp\/v2\/posts\/277\/revisions"}],"wp:featuredmedia":[{"embeddable":true,"href":"https:\/\/studioeditori.com\/FlagVelaVrata\/wp-json\/"}],"wp:attachment":[{"href":"https:\/\/studioeditori.com\/FlagVelaVrata\/wp-json\/wp\/v2\/media?parent=277"}],"wp:term":[{"taxonomy":"category","embeddable":true,"href":"https:\/\/studioeditori.com\/FlagVelaVrata\/wp-json\/wp\/v2\/categories?post=277"},{"taxonomy":"post_tag","embeddable":true,"href":"https:\/\/studioeditori.com\/FlagVelaVrata\/wp-json\/wp\/v2\/tags?post=277"}],"curies":[{"name":"wp","href":"https:\/\/api.w.org\/{rel}","templated":true}]}}