{"id":323,"date":"2018-11-28T10:13:33","date_gmt":"2018-11-28T10:13:33","guid":{"rendered":"http:\/\/vela-vrata.hr\/?p=323"},"modified":"2018-11-28T10:13:33","modified_gmt":"2018-11-28T10:13:33","slug":"12-crofish-u-porecu","status":"publish","type":"post","link":"https:\/\/studioeditori.com\/FlagVelaVrata\/12-crofish-u-porecu\/","title":{"rendered":"12. CROFISH u Pore\u010du"},"content":{"rendered":"<p>Voditeljica LAGUR-a Vela vrata Eliana Zec Solina i stru\u010dna suradnica-volonterka An\u0111ela Cvjetkovi\u0107 sudjelovale su na 12. CROFISH-u , me\u0111unarodnom ribarskom sajmu koji se odr\u017eavao od 23.-25.11.2018. u Pore\u010du.<\/p>\n<p>Osim zanimljivosti u sajmenom prostoru odr\u017eale su se i radionice s Upravom ribarstva na temu Operativnog programa za pomorstvo i ribarstvo u sljede\u0107em razdoblju 2021.-2027. te o stanju provedbe Lokalnih razvojnih strategija u ribarstvu.<\/p>\n<p>LAGUR Vela vrata sudjelovao je i na me\u0111unarodnom sastanku CLLD koordinacije Slovenija-Italija-Hrvatska u \u010diji sastav je u\u0161ao u lipnju 2018.&nbsp;<\/p>\n","protected":false},"excerpt":{"rendered":"<p>Voditeljica LAGUR-a Vela vrata Eliana Zec Solina i stru\u010dna suradnica-volonterka An\u0111ela Cvjetkovi\u0107 sudjelovale su na 12. CROFISH-u , me\u0111unarodnom ribarskom sajmu koji se odr\u017eavao od 23.-25.11.2018. u Pore\u010du. Osim zanimljivosti u sajmenom prostoru odr\u017eale su se i radionice s Upravom ribarstva na temu Operativnog programa za pomorstvo i ribarstvo u sljede\u0107em razdoblju 2021.-2027. te o [&hellip;]<\/p>\n","protected":false},"author":1,"featured_media":324,"comment_status":"closed","ping_status":"closed","sticky":false,"template":"","format":"standard","meta":{"footnotes":""},"categories":[7],"tags":[47],"class_list":["post-323","post","type-post","status-publish","format-standard","has-post-thumbnail","hentry","category-novosti","tag-crofish"],"_links":{"self":[{"href":"https:\/\/studioeditori.com\/FlagVelaVrata\/wp-json\/wp\/v2\/posts\/323","targetHints":{"allow":["GET"]}}],"collection":[{"href":"https:\/\/studioeditori.com\/FlagVelaVrata\/wp-json\/wp\/v2\/posts"}],"about":[{"href":"https:\/\/studioeditori.com\/FlagVelaVrata\/wp-json\/wp\/v2\/types\/post"}],"author":[{"embeddable":true,"href":"https:\/\/studioeditori.com\/FlagVelaVrata\/wp-json\/wp\/v2\/users\/1"}],"replies":[{"embeddable":true,"href":"https:\/\/studioeditori.com\/FlagVelaVrata\/wp-json\/wp\/v2\/comments?post=323"}],"version-history":[{"count":0,"href":"https:\/\/studioeditori.com\/FlagVelaVrata\/wp-json\/wp\/v2\/posts\/323\/revisions"}],"wp:featuredmedia":[{"embeddable":true,"href":"https:\/\/studioeditori.com\/FlagVelaVrata\/wp-json\/"}],"wp:attachment":[{"href":"https:\/\/studioeditori.com\/FlagVelaVrata\/wp-json\/wp\/v2\/media?parent=323"}],"wp:term":[{"taxonomy":"category","embeddable":true,"href":"https:\/\/studioeditori.com\/FlagVelaVrata\/wp-json\/wp\/v2\/categories?post=323"},{"taxonomy":"post_tag","embeddable":true,"href":"https:\/\/studioeditori.com\/FlagVelaVrata\/wp-json\/wp\/v2\/tags?post=323"}],"curies":[{"name":"wp","href":"https:\/\/api.w.org\/{rel}","templated":true}]}}