{"id":724,"date":"2019-10-11T08:38:09","date_gmt":"2019-10-11T08:38:09","guid":{"rendered":"http:\/\/vela-vrata.hr\/?p=724"},"modified":"2019-10-11T08:38:09","modified_gmt":"2019-10-11T08:38:09","slug":"mjera-2-1-ocuvanje-okolisa-i-poticanje-na-odrzivo-upravljanje-prirodnim-resursima-poziv-za-projektne-ideje","status":"publish","type":"post","link":"https:\/\/studioeditori.com\/FlagVelaVrata\/mjera-2-1-ocuvanje-okolisa-i-poticanje-na-odrzivo-upravljanje-prirodnim-resursima-poziv-za-projektne-ideje\/","title":{"rendered":"Mjera 2.1. O\u010duvanje okoli\u0161a i poticanje na odr\u017eivo upravljanje prirodnim resursima &#8211; Poziv za projektne ideje"},"content":{"rendered":"<p>LAGUR Vela vrata priprema raspisivanje FLAG natje\u010daja za <strong>Mjeru 2.1.&nbsp;O\u010duvanje okoli\u0161a i poticanje na odr\u017eivo upravljanje prirodnim resursima<\/strong><\/p>\n<p>Svrha ove aktivnosti je identificirati potencijalne korisnike na terenu za Mjere sukladne <strong>Cilju 2 \u201ePromicanje za\u0161tite i odr\u017eivog upravljanja prirodnom resursnom osnovom i valorizacija kulturne pomorske i ribarske ba\u0161tine i povezanih tradicijskih znanja\u201c<\/strong> iz Lokalne razvojne strategije u ribarstvu i zapo\u010deti zajedni\u010dku pripremu za prijavu na skori natje\u010daj LAGUR-a Vela vrata .<\/p>\n<p>Pozivamo sve zainteresirane da dostave projektne ideje s ciljem pokretanja konzultatativnog postupka s korisnicima u okviru provedbe <em><strong><a href=\"http:\/\/vela-vrata.hr\/wordpress\/wp-content\/uploads\/2019\/09\/LRSR-FLAG-Vela-vrata_V2_I1_F.pdf\">LRSR LAGURa Vela vrata<\/a><\/strong><\/em>&nbsp;koja je izmjenjena u kolovozu 2019.<\/p>\n<p>Prihvatljive su sve aktivnosti kojima se <strong><u>doprinosi o\u010duvanju okoli\u0161a i poticanju na odr\u017eivo&nbsp;<\/u><\/strong><strong><u>upravljanje prirodnim resursima (more i priobalje). <\/u><\/strong><\/p>\n<p><strong>Prihvatljive aktivnosti odnosno operacije u okviru ove mjere su:<\/strong><\/p>\n<ul>\n<li>gra\u0111enje (izgradnja i\/ili rekonstrukcija) i\/ili opremanje objekata ili prostora sustavima za edukaciju\/interpretaciju visoko vrijedne prirodne ba\u0161tine (uz obalu i pod morem) te sustavima\/opremom za odlaganje otpada iz\/sa mora i probalja, s naglaskom na odr\u017eiva rje\u0161enja odlaganja otpada na pla\u017eama;<\/li>\n<\/ul>\n<ul>\n<li>aktivnosti \u010di\u0161\u0107enja mora i probalja na podru\u010dju FLAG-a;<\/li>\n<li>edukacijsko-informativne i promotivne aktivnosti o biolo\u0161koj raznolikosti mora i priobalja i o\u010duvanju vrijednog prirodnog okoli\u0161a kao klju\u010dne razvojne resursne osnove;<\/li>\n<\/ul>\n<ul>\n<li>aktivnosti recikliranja otpada i stvaranje inovativnih proizvoda iz otpada prikupljenog iz\/sa mora i probalja;<\/li>\n<li>aktivnosti istra\u017eivanja podmorja te ispitivanja i pra\u0107enja kakvo\u0107e mora u svrhu izrade znanstveno-stru\u010dnih studija ili publikacija za potporu odr\u017eivom razvoju ribarstva i akvakulture na podru\u010dju FLAG-a;<\/li>\n<li>uvo\u0111enje inovativnih rje\u0161enja za za\u0161titu okoli\u0161a i o\u010duvanje biolo\u0161ke raznolikosti.<\/li>\n<li>Promid\u017ebene aktivnosti su obavezna sastavnica svake gore navedene aktivnsosti.<\/li>\n<\/ul>\n<p>Aktivnosti u okviru provedbe ove Mjere, detaljnije \u0107e biti definirane FLAG natje\u010dajem.<\/p>\n<p>Ciljani korisnici i intenziteti potpore:<\/p>\n<ul>\n<li><strong>a)<\/strong> Javnopravna tijela, Poduze\u0107e\/trgova\u010dko dru\u0161tvo ili organizacija u ve\u0107inskom javnom vlasni\u0161tvu koja nije javnopravno tijelo, Udruge &#8211; <strong>100%<\/strong><\/li>\n<li><strong>b)<\/strong> Gospodarski subjekti u ribarstvu, Gospodarski subjekti izvan sektora ribarstva &#8211; <strong>50%<\/strong><\/li>\n<\/ul>\n<p>Detaljni uvjeti koje moraju zadovoljiti ciljani korisnici biti \u0107e definirani FLAG natje\u010dajem<\/p>\n<p style=\"text-align: center;\"><strong>Predvi\u0111ena vrijednost natje\u010daja:<\/strong> 170.000,00 Eura<\/p>\n<p><em><strong><a href=\"http:\/\/vela-vrata.hr\/wordpress\/wp-content\/uploads\/2018\/09\/Obrazac-projektne-ideje-Vela-vrata.doc\">OBRAZAC &#8211; Projektne ideje<\/a><\/strong><\/em><\/p>\n<p>&nbsp;<\/p>\n<p>&nbsp;<\/p>\n<p><em>Izvor slike:&nbsp;https:\/\/www.worldoceansday.org\/below-the-surface\/six-quick-tips-clean-up-ideas-for-world-oceans-day<\/em><\/p>\n","protected":false},"excerpt":{"rendered":"<p>LAGUR Vela vrata priprema raspisivanje FLAG natje\u010daja za Mjeru 2.1.&nbsp;O\u010duvanje okoli\u0161a i poticanje na odr\u017eivo upravljanje prirodnim resursima Svrha ove aktivnosti je identificirati potencijalne korisnike na terenu za Mjere sukladne Cilju 2 \u201ePromicanje za\u0161tite i odr\u017eivog upravljanja prirodnom resursnom osnovom i valorizacija kulturne pomorske i ribarske ba\u0161tine i povezanih tradicijskih znanja\u201c iz Lokalne razvojne strategije [&hellip;]<\/p>\n","protected":false},"author":1,"featured_media":726,"comment_status":"closed","ping_status":"closed","sticky":false,"template":"","format":"standard","meta":{"footnotes":""},"categories":[7],"tags":[48,13],"class_list":["post-724","post","type-post","status-publish","format-standard","has-post-thumbnail","hentry","category-novosti","tag-2-1","tag-javni-poziv"],"_links":{"self":[{"href":"https:\/\/studioeditori.com\/FlagVelaVrata\/wp-json\/wp\/v2\/posts\/724","targetHints":{"allow":["GET"]}}],"collection":[{"href":"https:\/\/studioeditori.com\/FlagVelaVrata\/wp-json\/wp\/v2\/posts"}],"about":[{"href":"https:\/\/studioeditori.com\/FlagVelaVrata\/wp-json\/wp\/v2\/types\/post"}],"author":[{"embeddable":true,"href":"https:\/\/studioeditori.com\/FlagVelaVrata\/wp-json\/wp\/v2\/users\/1"}],"replies":[{"embeddable":true,"href":"https:\/\/studioeditori.com\/FlagVelaVrata\/wp-json\/wp\/v2\/comments?post=724"}],"version-history":[{"count":0,"href":"https:\/\/studioeditori.com\/FlagVelaVrata\/wp-json\/wp\/v2\/posts\/724\/revisions"}],"wp:featuredmedia":[{"embeddable":true,"href":"https:\/\/studioeditori.com\/FlagVelaVrata\/wp-json\/"}],"wp:attachment":[{"href":"https:\/\/studioeditori.com\/FlagVelaVrata\/wp-json\/wp\/v2\/media?parent=724"}],"wp:term":[{"taxonomy":"category","embeddable":true,"href":"https:\/\/studioeditori.com\/FlagVelaVrata\/wp-json\/wp\/v2\/categories?post=724"},{"taxonomy":"post_tag","embeddable":true,"href":"https:\/\/studioeditori.com\/FlagVelaVrata\/wp-json\/wp\/v2\/tags?post=724"}],"curies":[{"name":"wp","href":"https:\/\/api.w.org\/{rel}","templated":true}]}}