{"id":734,"date":"2019-10-15T11:30:49","date_gmt":"2019-10-15T11:30:49","guid":{"rendered":"http:\/\/vela-vrata.hr\/?p=734"},"modified":"2019-10-15T11:30:49","modified_gmt":"2019-10-15T11:30:49","slug":"1-see-leader-konferencija-o-prakticnim-i-teoretskim-implikacijama-u-provedbi-leaderclld-pristupa-u-jugoistocnoj-europi","status":"publish","type":"post","link":"https:\/\/studioeditori.com\/FlagVelaVrata\/1-see-leader-konferencija-o-prakticnim-i-teoretskim-implikacijama-u-provedbi-leaderclld-pristupa-u-jugoistocnoj-europi\/","title":{"rendered":"1. SEE LEADER konferencija o prakti\u010dnim i teoretskim implikacijama u provedbi LEADER\/CLLD pristupa u jugoisto\u010dnoj Europi"},"content":{"rendered":"<p><strong><em>1.&nbsp;<\/em><\/strong><a href=\"https:\/\/see-leader.eu\/\"><strong><em>SEE LEADER konferencija<\/em><\/strong> o prakti\u010dnim i teoretskim implikacijama u provedbi LEADER\/CLLD pristupa u jugoisto\u010dnoj Europi<\/a> \u0107e se odr\u017eati u Opatiji (Hrvatska) od <strong>20.-22. studenog 2019. godine.<\/strong><\/p>\n<p>SEE LEADER ima za cilj prepoznati jedinstvenost lokalnog razvoja pod vodstvom zajednice za integrirani teritorijalni razvoj u jugoisto\u010dnoj Europi, pokazuju\u0107i rezultate proteklih godina provedbe i proaktivno gledaju\u0107i u budu\u0107nost.<\/p>\n<p>Svi sudionici imati \u0107e priliku razmijeniti iskustva i znanje na prakti\u010dno-znanstvenim <em>Sessionima<\/em> i plenarnim raspravama, LAG-ovi i FLAG-ovi mo\u0107i \u0107e tra\u017eiti partnere za svoje transnacionalne projekte na <strong><em><a href=\"https:\/\/see-leader.eu\/programme\/cooperation-projects-exhibition\">SEE LEADER Networking Fair-<\/a>u<\/em><\/strong>, a znanstvenici \u0107e dati doprinos kako bi pomogli prakti\u010darima (Lokalne akcijske skupine, upravlja\u010dka tijela i provedbena tijela) da odgovore na postoje\u0107e izazove u procesu provedbe LEADER-a.<\/p>\n<p>Priprema se bogati program koji uz panele i plenarne dijelove predvi\u0111a i 4 studijska izleta, dodatni izlet, party dobrodo\u0161lice, Gala ve\u010deru, koncerte i prodajne izlo\u017ebe.<\/p>\n<p>Na <strong><a href=\"https:\/\/see-leader.eu\/\">web stranici<\/a><\/strong> saznajte vi\u0161e o ovom doga\u0111aju i <em><strong><a href=\"https:\/\/see-leader.eu\/registration-and-fees\">registrirajte se<\/a><\/strong><\/em> najkasnije do 20. listopada. Ako \u017eelite znati vi\u0161e o ovom doga\u0111aju, <em>keynote speakerima<\/em>, studijskim i izbornim putovanjima te detaljima programa, pretplatite se na <strong><em><a href=\"https:\/\/mailchi.mp\/29f018d5b402\/seeleader_subscribe\">Newsletter<\/a>.<\/em><\/strong><\/p>\n<h1>Vi\u0161e na&nbsp;<a href=\"https:\/\/www.see-leader.eu\/\"><em><strong>https:\/\/www.see-leader.eu\/<\/strong><\/em><\/a><\/h1>\n","protected":false},"excerpt":{"rendered":"<p>1.&nbsp;SEE LEADER konferencija o prakti\u010dnim i teoretskim implikacijama u provedbi LEADER\/CLLD pristupa u jugoisto\u010dnoj Europi \u0107e se odr\u017eati u Opatiji (Hrvatska) od 20.-22. studenog 2019. godine. SEE LEADER ima za cilj prepoznati jedinstvenost lokalnog razvoja pod vodstvom zajednice za integrirani teritorijalni razvoj u jugoisto\u010dnoj Europi, pokazuju\u0107i rezultate proteklih godina provedbe i proaktivno gledaju\u0107i u budu\u0107nost. [&hellip;]<\/p>\n","protected":false},"author":1,"featured_media":735,"comment_status":"closed","ping_status":"closed","sticky":false,"template":"","format":"standard","meta":{"footnotes":""},"categories":[7],"tags":[],"class_list":["post-734","post","type-post","status-publish","format-standard","has-post-thumbnail","hentry","category-novosti"],"_links":{"self":[{"href":"https:\/\/studioeditori.com\/FlagVelaVrata\/wp-json\/wp\/v2\/posts\/734","targetHints":{"allow":["GET"]}}],"collection":[{"href":"https:\/\/studioeditori.com\/FlagVelaVrata\/wp-json\/wp\/v2\/posts"}],"about":[{"href":"https:\/\/studioeditori.com\/FlagVelaVrata\/wp-json\/wp\/v2\/types\/post"}],"author":[{"embeddable":true,"href":"https:\/\/studioeditori.com\/FlagVelaVrata\/wp-json\/wp\/v2\/users\/1"}],"replies":[{"embeddable":true,"href":"https:\/\/studioeditori.com\/FlagVelaVrata\/wp-json\/wp\/v2\/comments?post=734"}],"version-history":[{"count":0,"href":"https:\/\/studioeditori.com\/FlagVelaVrata\/wp-json\/wp\/v2\/posts\/734\/revisions"}],"wp:featuredmedia":[{"embeddable":true,"href":"https:\/\/studioeditori.com\/FlagVelaVrata\/wp-json\/"}],"wp:attachment":[{"href":"https:\/\/studioeditori.com\/FlagVelaVrata\/wp-json\/wp\/v2\/media?parent=734"}],"wp:term":[{"taxonomy":"category","embeddable":true,"href":"https:\/\/studioeditori.com\/FlagVelaVrata\/wp-json\/wp\/v2\/categories?post=734"},{"taxonomy":"post_tag","embeddable":true,"href":"https:\/\/studioeditori.com\/FlagVelaVrata\/wp-json\/wp\/v2\/tags?post=734"}],"curies":[{"name":"wp","href":"https:\/\/api.w.org\/{rel}","templated":true}]}}