{"id":746,"date":"2019-11-15T14:31:01","date_gmt":"2019-11-15T14:31:01","guid":{"rendered":"http:\/\/vela-vrata.hr\/?p=746"},"modified":"2023-12-08T09:09:03","modified_gmt":"2023-12-08T09:09:03","slug":"vazna-obavijest-produljenje-roka-za-prijavu-na-flag-natjecaj-m-2-2-ocuvanje-i-valorizacija-pomorske-i-ribarske-bastine-i-ocuvanje-identiteta-podrucja","status":"publish","type":"post","link":"https:\/\/studioeditori.com\/FlagVelaVrata\/vazna-obavijest-produljenje-roka-za-prijavu-na-flag-natjecaj-m-2-2-ocuvanje-i-valorizacija-pomorske-i-ribarske-bastine-i-ocuvanje-identiteta-podrucja\/","title":{"rendered":"VA\u017dNA OBAVIJEST!!! Produljenje roka za prijavu na FLAG natje\u010daj M 2.2. O\u010duvanje i valorizacija pomorske i ribarske ba\u0161tine i o\u010duvanje identiteta podru\u010dja"},"content":{"rendered":"<p><strong>VA\u017dNO!!! IZMJENA FLAG NATJE\u010cAJAZA MJERU 2.2. IZ LRSR-A FLAG-A<\/strong><\/p>\n<p>Dana 15. studenoga 2019. godine Upravni odbor LAGUR-a&nbsp;Vela vrata&nbsp;donio je Odluku o produljenju roka za podno\u0161enje prijava na FLAG natje\u010daj.<\/p>\n<p>FLAG-natje\u010dajem definiran je krajnji rok za podno\u0161enje prijave projekta na dan <strong>20.11.2019.<\/strong><\/p>\n<p>Izmjena FLAG-natje\u010daja odnosi se na produljenje krajnjeg roka za podno\u0161enje prijave projekta.<\/p>\n<p><strong>Rok za podno\u0161enje prijave projekta mijenja se i sada glasi: <\/strong><\/p>\n<p style=\"text-align: center;\"><strong>20.12.2019.&nbsp;<\/strong><\/p>\n<p>Novi tekst FLAG-natje\u010daja s cjelokupnom dokumentacijom dostupn je&nbsp;na <a href=\"http:\/\/vela-vrata.hr\/flag-natjecaji\/mjera-2-2\/\">LINKU.<\/a><\/p>\n<p>&nbsp;<\/p>\n<p>&nbsp;<\/p>\n<p>&nbsp;<\/p>\n","protected":false},"excerpt":{"rendered":"<p>VA\u017dNO!!! IZMJENA FLAG NATJE\u010cAJAZA MJERU 2.2. IZ LRSR-A FLAG-A Dana 15. studenoga 2019. godine Upravni odbor LAGUR-a&nbsp;Vela vrata&nbsp;donio je Odluku o produljenju roka za podno\u0161enje prijava na FLAG natje\u010daj. FLAG-natje\u010dajem definiran je krajnji rok za podno\u0161enje prijave projekta na dan 20.11.2019. Izmjena FLAG-natje\u010daja odnosi se na produljenje krajnjeg roka za podno\u0161enje prijave projekta. Rok za [&hellip;]<\/p>\n","protected":false},"author":1,"featured_media":710,"comment_status":"closed","ping_status":"closed","sticky":false,"template":"","format":"standard","meta":{"footnotes":""},"categories":[7],"tags":[],"class_list":["post-746","post","type-post","status-publish","format-standard","has-post-thumbnail","hentry","category-novosti"],"_links":{"self":[{"href":"https:\/\/studioeditori.com\/FlagVelaVrata\/wp-json\/wp\/v2\/posts\/746","targetHints":{"allow":["GET"]}}],"collection":[{"href":"https:\/\/studioeditori.com\/FlagVelaVrata\/wp-json\/wp\/v2\/posts"}],"about":[{"href":"https:\/\/studioeditori.com\/FlagVelaVrata\/wp-json\/wp\/v2\/types\/post"}],"author":[{"embeddable":true,"href":"https:\/\/studioeditori.com\/FlagVelaVrata\/wp-json\/wp\/v2\/users\/1"}],"replies":[{"embeddable":true,"href":"https:\/\/studioeditori.com\/FlagVelaVrata\/wp-json\/wp\/v2\/comments?post=746"}],"version-history":[{"count":1,"href":"https:\/\/studioeditori.com\/FlagVelaVrata\/wp-json\/wp\/v2\/posts\/746\/revisions"}],"predecessor-version":[{"id":1448,"href":"https:\/\/studioeditori.com\/FlagVelaVrata\/wp-json\/wp\/v2\/posts\/746\/revisions\/1448"}],"wp:featuredmedia":[{"embeddable":true,"href":"https:\/\/studioeditori.com\/FlagVelaVrata\/wp-json\/"}],"wp:attachment":[{"href":"https:\/\/studioeditori.com\/FlagVelaVrata\/wp-json\/wp\/v2\/media?parent=746"}],"wp:term":[{"taxonomy":"category","embeddable":true,"href":"https:\/\/studioeditori.com\/FlagVelaVrata\/wp-json\/wp\/v2\/categories?post=746"},{"taxonomy":"post_tag","embeddable":true,"href":"https:\/\/studioeditori.com\/FlagVelaVrata\/wp-json\/wp\/v2\/tags?post=746"}],"curies":[{"name":"wp","href":"https:\/\/api.w.org\/{rel}","templated":true}]}}