{"id":802,"date":"2020-06-29T15:41:51","date_gmt":"2020-06-29T15:41:51","guid":{"rendered":"http:\/\/vela-vrata.hr\/?p=802"},"modified":"2023-12-08T09:08:48","modified_gmt":"2023-12-08T09:08:48","slug":"objavljen-flag-natjecaj-za-mjeru-2-1-ocuvanje-okolisa-i-poticanje-na-odrzivo-upravljanje-prirodnim-resursima","status":"publish","type":"post","link":"https:\/\/studioeditori.com\/FlagVelaVrata\/objavljen-flag-natjecaj-za-mjeru-2-1-ocuvanje-okolisa-i-poticanje-na-odrzivo-upravljanje-prirodnim-resursima\/","title":{"rendered":"Objavljen FLAG natje\u010daj za Mjeru 2.1.  &#8220;O\u010duvanje okoli\u0161a i poticanje na odr\u017eivo upravljanje prirodnim resursima&#8221;"},"content":{"rendered":"<p>U rubrici FLAG natje\u010daj objavljen je novi FLAG natje\u010daj za Mjeru 2.1.&nbsp;<\/p>\n<p>Dokumentacija je dostupna na unesenim poveznicama.<\/p>\n<p><a href=\"http:\/\/vela-vrata.hr\/flag-natjecaji\/flag-natjecaj-za-mjeru-2-1\/?fbclid=IwAR2dOCSdIQJ3g6fT7ckvgsoZI0zJMa5tXFfPSkYuQRukCUged4HDC6c2ooU\" target=\"_blank\" rel=\"noopener noreferrer\"><img decoding=\"async\" class=\"alignleft wp-image-726 size-thumbnail\" src=\"http:\/\/vela-vrata.hr\/wordpress\/wp-content\/uploads\/2019\/10\/KidsOceanDay-150x150.jpg\" alt=\"\" width=\"150\" height=\"150\"><\/a><\/p>\n","protected":false},"excerpt":{"rendered":"<p>U rubrici FLAG natje\u010daj objavljen je novi FLAG natje\u010daj za Mjeru 2.1.&nbsp; Dokumentacija je dostupna na unesenim poveznicama.<\/p>\n","protected":false},"author":1,"featured_media":0,"comment_status":"closed","ping_status":"closed","sticky":false,"template":"","format":"link","meta":{"footnotes":""},"categories":[49,7],"tags":[],"class_list":["post-802","post","type-post","status-publish","format-link","hentry","category-flag-natjecaj","category-novosti","post_format-post-format-link"],"_links":{"self":[{"href":"https:\/\/studioeditori.com\/FlagVelaVrata\/wp-json\/wp\/v2\/posts\/802","targetHints":{"allow":["GET"]}}],"collection":[{"href":"https:\/\/studioeditori.com\/FlagVelaVrata\/wp-json\/wp\/v2\/posts"}],"about":[{"href":"https:\/\/studioeditori.com\/FlagVelaVrata\/wp-json\/wp\/v2\/types\/post"}],"author":[{"embeddable":true,"href":"https:\/\/studioeditori.com\/FlagVelaVrata\/wp-json\/wp\/v2\/users\/1"}],"replies":[{"embeddable":true,"href":"https:\/\/studioeditori.com\/FlagVelaVrata\/wp-json\/wp\/v2\/comments?post=802"}],"version-history":[{"count":1,"href":"https:\/\/studioeditori.com\/FlagVelaVrata\/wp-json\/wp\/v2\/posts\/802\/revisions"}],"predecessor-version":[{"id":1446,"href":"https:\/\/studioeditori.com\/FlagVelaVrata\/wp-json\/wp\/v2\/posts\/802\/revisions\/1446"}],"wp:attachment":[{"href":"https:\/\/studioeditori.com\/FlagVelaVrata\/wp-json\/wp\/v2\/media?parent=802"}],"wp:term":[{"taxonomy":"category","embeddable":true,"href":"https:\/\/studioeditori.com\/FlagVelaVrata\/wp-json\/wp\/v2\/categories?post=802"},{"taxonomy":"post_tag","embeddable":true,"href":"https:\/\/studioeditori.com\/FlagVelaVrata\/wp-json\/wp\/v2\/tags?post=802"}],"curies":[{"name":"wp","href":"https:\/\/api.w.org\/{rel}","templated":true}]}}