{"id":3886,"date":"2025-09-08T17:33:06","date_gmt":"2025-09-08T17:33:06","guid":{"rendered":"https:\/\/studioeditori.com\/vino\/?p=3886"},"modified":"2026-04-12T19:39:19","modified_gmt":"2026-04-12T19:39:19","slug":"promidzba-hrvatskih-zadruga-na-trzistu-kanade","status":"publish","type":"post","link":"https:\/\/studioeditori.com\/vino\/promidzba-hrvatskih-zadruga-na-trzistu-kanade\/","title":{"rendered":"Vino\u00a0Babi\u0107 iz Primo\u0161tena"},"content":{"rendered":"\n<p>Vino&nbsp;<strong>Babi\u0107 iz Primo\u0161tena<\/strong>&nbsp;predstavlja jedno od najprepoznatljivijih bogatstava dalmatinske vinske tradicije. Uzgojen na jedinstvenim kamenitim vinogradima izme\u0111u mora i sunca, Babi\u0107 odra\u017eava snagu terroira i stoljetnu posve\u0107enost vinogradarstvu koje je oblikovalo krajolik Primo\u0161tena.<\/p>\n\n\n\n<p>Vinogradi smje\u0161teni na karakteristi\u010dnim suhozidima, izlo\u017eeni sna\u017enom suncu i morskom vjetru, stvaraju uvjete koji gro\u017e\u0111u daju izra\u017eenu strukturu, dubinu okusa i prepoznatljivu aromu. Rezultat je vino bogatog karaktera, uravnote\u017eenih tanina i dugog, elegantnog zavr\u0161etka \u2013 vino koje nosi autenti\u010dni pe\u010dat Dalmacije.<\/p>\n\n\n\n<p>Babi\u0107 je idealan izbor uz mediteransku kuhinju, posebno uz riblja i mesna jela, zrele sireve i tradicionalne delicije. Njegova kompleksnost i puno\u0107a \u010dine ga prikladnim kako za svakodnevno u\u017eivanje, tako i za posebne prilike.<\/p>\n\n\n\n<p>U skladu s filozofijom&nbsp;<strong>Studio Editori<\/strong>, naglasak je na izvornosti, kvaliteti i autenti\u010dnom do\u017eivljaju Mediterana \u2013 od vinograda do \u010da\u0161e.<\/p>\n\n\n\n<p><strong>Babi\u0107 iz Primo\u0161tena \u2013 vino sna\u017enog karaktera, oblikovano kamenom, suncem i morem.<\/strong><\/p>\n\n\n\n<p><\/p>\n","protected":false},"excerpt":{"rendered":"<p>Vino&nbsp;Babi\u0107 iz Primo\u0161tena&nbsp;predstavlja jedno od najprepoznatljivijih bogatstava dalmatinske vinske tradicije. Uzgojen na jedinstvenim kamenitim vinogradima izme\u0111u mora i sunca, Babi\u0107 odra\u017eava snagu terroira i stoljetnu posve\u0107enost vinogradarstvu koje je oblikovalo krajolik Primo\u0161tena. Vinogradi smje\u0161teni na karakteristi\u010dnim suhozidima, izlo\u017eeni sna\u017enom suncu i morskom vjetru, stvaraju uvjete koji gro\u017e\u0111u daju izra\u017eenu strukturu, dubinu okusa i prepoznatljivu aromu.<\/p>\n<p class=\"more-link-wrapper\"><a class=\"btn btn-primary\" href=\"https:\/\/studioeditori.com\/vino\/promidzba-hrvatskih-zadruga-na-trzistu-kanade\/\">Read More<\/a><\/p>\n","protected":false},"author":1,"featured_media":3887,"comment_status":"open","ping_status":"open","sticky":false,"template":"","format":"standard","meta":{"_themeisle_gutenberg_block_has_review":false,"footnotes":""},"categories":[1],"tags":[],"class_list":["post-3886","post","type-post","status-publish","format-standard","has-post-thumbnail","hentry","category-uncategorized","has_thumb"],"_links":{"self":[{"href":"https:\/\/studioeditori.com\/vino\/wp-json\/wp\/v2\/posts\/3886","targetHints":{"allow":["GET"]}}],"collection":[{"href":"https:\/\/studioeditori.com\/vino\/wp-json\/wp\/v2\/posts"}],"about":[{"href":"https:\/\/studioeditori.com\/vino\/wp-json\/wp\/v2\/types\/post"}],"author":[{"embeddable":true,"href":"https:\/\/studioeditori.com\/vino\/wp-json\/wp\/v2\/users\/1"}],"replies":[{"embeddable":true,"href":"https:\/\/studioeditori.com\/vino\/wp-json\/wp\/v2\/comments?post=3886"}],"version-history":[{"count":4,"href":"https:\/\/studioeditori.com\/vino\/wp-json\/wp\/v2\/posts\/3886\/revisions"}],"predecessor-version":[{"id":4182,"href":"https:\/\/studioeditori.com\/vino\/wp-json\/wp\/v2\/posts\/3886\/revisions\/4182"}],"wp:featuredmedia":[{"embeddable":true,"href":"https:\/\/studioeditori.com\/vino\/wp-json\/wp\/v2\/media\/3887"}],"wp:attachment":[{"href":"https:\/\/studioeditori.com\/vino\/wp-json\/wp\/v2\/media?parent=3886"}],"wp:term":[{"taxonomy":"category","embeddable":true,"href":"https:\/\/studioeditori.com\/vino\/wp-json\/wp\/v2\/categories?post=3886"},{"taxonomy":"post_tag","embeddable":true,"href":"https:\/\/studioeditori.com\/vino\/wp-json\/wp\/v2\/tags?post=3886"}],"curies":[{"name":"wp","href":"https:\/\/api.w.org\/{rel}","templated":true}]}}